{"id":2723,"date":"2025-11-01T12:34:41","date_gmt":"2025-11-01T11:34:41","guid":{"rendered":"http:\/\/ktifp.amu.edu.pl\/?p=2723"},"modified":"2025-11-01T12:34:41","modified_gmt":"2025-11-01T11:34:41","slug":"nagroda-rektora-uam-dla-dr-macieja-dybowskiego","status":"publish","type":"post","link":"https:\/\/tifp.amu.edu.pl\/?p=2723","title":{"rendered":"Nagroda Rektora UAM dla dr. Macieja Dybowskiego"},"content":{"rendered":"<p><img loading=\"lazy\" decoding=\"async\" class=\"wp-image-2724 alignleft\" src=\"http:\/\/ktifp.amu.edu.pl\/wp-content\/uploads\/2025\/11\/Logo_UAM_kolor_negatyw_RGB.jpg\" alt=\"\" width=\"255\" height=\"298\" srcset=\"https:\/\/tifp.amu.edu.pl\/wp-content\/uploads\/2025\/11\/Logo_UAM_kolor_negatyw_RGB.jpg 1772w, https:\/\/tifp.amu.edu.pl\/wp-content\/uploads\/2025\/11\/Logo_UAM_kolor_negatyw_RGB-257x300.jpg 257w, https:\/\/tifp.amu.edu.pl\/wp-content\/uploads\/2025\/11\/Logo_UAM_kolor_negatyw_RGB-644x752.jpg 644w, https:\/\/tifp.amu.edu.pl\/wp-content\/uploads\/2025\/11\/Logo_UAM_kolor_negatyw_RGB-768x896.jpg 768w, https:\/\/tifp.amu.edu.pl\/wp-content\/uploads\/2025\/11\/Logo_UAM_kolor_negatyw_RGB-1316x1536.jpg 1316w, https:\/\/tifp.amu.edu.pl\/wp-content\/uploads\/2025\/11\/Logo_UAM_kolor_negatyw_RGB-1755x2048.jpg 1755w\" sizes=\"auto, (max-width: 255px) 100vw, 255px\" \/><\/p>\n<p style=\"text-align: justify;\">Z rado\u015bci\u0105 informujemy, \u017ce dr Maciej Dybowski otrzyma\u0142 indywidualn\u0105 nagrod\u0119 III stopnia Rektora Uniwersytetu im. Adama Mickiewicza w Poznaniu za osi\u0105gni\u0119cia naukowe w roku akademickim 2024\/2025.<\/p>\n<p style=\"text-align: justify;\">Nagrodzonemu serdecznie gratulujemy!<\/p>\n","protected":false},"excerpt":{"rendered":"<p>Z rado\u015bci\u0105 informujemy, \u017ce dr Maciej Dybowski otrzyma\u0142 indywidualn\u0105 nagrod\u0119 III stopnia Rektora Uniwersytetu im. Adama Mickiewicza w Poznaniu za osi\u0105gni\u0119cia naukowe w roku akademickim 2024\/2025. Nagrodzonemu serdecznie gratulujemy!<\/p>\n","protected":false},"author":2,"featured_media":0,"comment_status":"closed","ping_status":"closed","sticky":false,"template":"","format":"standard","meta":{"footnotes":""},"categories":[162,4],"tags":[7,191],"class_list":["post-2723","post","type-post","status-publish","format-standard","hentry","category-funkcje-i-nagrody","category-ogloszenia","tag-maciej-dybowski","tag-nagroda-rektora-uam"],"_links":{"self":[{"href":"https:\/\/tifp.amu.edu.pl\/index.php?rest_route=\/wp\/v2\/posts\/2723","targetHints":{"allow":["GET"]}}],"collection":[{"href":"https:\/\/tifp.amu.edu.pl\/index.php?rest_route=\/wp\/v2\/posts"}],"about":[{"href":"https:\/\/tifp.amu.edu.pl\/index.php?rest_route=\/wp\/v2\/types\/post"}],"author":[{"embeddable":true,"href":"https:\/\/tifp.amu.edu.pl\/index.php?rest_route=\/wp\/v2\/users\/2"}],"replies":[{"embeddable":true,"href":"https:\/\/tifp.amu.edu.pl\/index.php?rest_route=%2Fwp%2Fv2%2Fcomments&post=2723"}],"version-history":[{"count":0,"href":"https:\/\/tifp.amu.edu.pl\/index.php?rest_route=\/wp\/v2\/posts\/2723\/revisions"}],"wp:attachment":[{"href":"https:\/\/tifp.amu.edu.pl\/index.php?rest_route=%2Fwp%2Fv2%2Fmedia&parent=2723"}],"wp:term":[{"taxonomy":"category","embeddable":true,"href":"https:\/\/tifp.amu.edu.pl\/index.php?rest_route=%2Fwp%2Fv2%2Fcategories&post=2723"},{"taxonomy":"post_tag","embeddable":true,"href":"https:\/\/tifp.amu.edu.pl\/index.php?rest_route=%2Fwp%2Fv2%2Ftags&post=2723"}],"curies":[{"name":"wp","href":"https:\/\/api.w.org\/{rel}","templated":true}]}}