{"id":1643,"date":"2021-10-18T13:42:44","date_gmt":"2021-10-18T11:42:44","guid":{"rendered":"https:\/\/mkrot.web.amu.edu.pl\/?p=1643"},"modified":"2022-01-12T19:29:23","modified_gmt":"2022-01-12T18:29:23","slug":"wyklad-prof-wronkowskiej-na-inauguracji-roku-akademickiego-w-uniwersytecie-otwartym-uam","status":"publish","type":"post","link":"https:\/\/tifp.amu.edu.pl\/?p=1643","title":{"rendered":"Wyk\u0142ad prof. Wronkowskiej na inauguracji roku akademickiego w Uniwersytecie Otwartym UAM"},"content":{"rendered":"<p style=\"text-align: justify;\"><a href=\"http:\/\/ktifp.amu.edu.pl\/wp-content\/uploads\/2017\/07\/logo_wersja-podstawowa_granat_1.jpg\"><\/a><a href=\"http:\/\/ktifp.amu.edu.pl\/wp-content\/uploads\/2017\/07\/logo_wersja-podstawowa_granat_1.jpg\"><img loading=\"lazy\" decoding=\"async\" class=\"alignleft wp-image-45\" src=\"http:\/\/ktifp.amu.edu.pl\/wp-content\/uploads\/2017\/07\/logo_wersja-podstawowa_granat_1-248x300.jpg\" alt=\"Logo UAM\" width=\"162\" height=\"196\" srcset=\"https:\/\/tifp.amu.edu.pl\/wp-content\/uploads\/2017\/07\/logo_wersja-podstawowa_granat_1-248x300.jpg 248w, https:\/\/tifp.amu.edu.pl\/wp-content\/uploads\/2017\/07\/logo_wersja-podstawowa_granat_1.jpg 656w\" sizes=\"auto, (max-width: 162px) 100vw, 162px\" \/><\/a>W imieniu Dziekana WPiA UAM prof. dra hab. Tomasza Nieboraka uprzejmie zapraszamy na uroczyst\u0105 inauguracj\u0119 roku akademickiego w Uniwersytecie Otwartym UAM, kt\u00f3ra odb\u0119dzie si\u0119 w \u015brod\u0119 20 pa\u017adziernika br. o godz. 17.30. Wyk\u0142ad inauguracyjny pt.: \u201e<em>W\u0142adza prawodawcza a obywatel<\/em>\u201d wyg\u0142osi Pani prof. dr hab. S\u0142awomira Wronkowska.<\/p>\n<p>Bezpo\u015brednia transmisja uroczysto\u015bci b\u0119dzie dost\u0119pna <a href=\"https:\/\/www.youtube.com\/watch?v=Bisa8n_hD50\/\"><span style=\"color: #000080;\">TUTAJ<\/span><\/a>.<\/p>\n","protected":false},"excerpt":{"rendered":"<p>W imieniu Dziekana WPiA UAM prof. dra hab. Tomasza Nieboraka uprzejmie zapraszamy na uroczyst\u0105 inauguracj\u0119 roku akademickiego w Uniwersytecie Otwartym UAM, kt\u00f3ra odb\u0119dzie si\u0119 w \u015brod\u0119 20 pa\u017adziernika br. o godz. 17.30. Wyk\u0142ad inauguracyjny pt.: \u201eW\u0142adza prawodawcza a obywatel\u201d wyg\u0142osi &hellip; <a href=\"https:\/\/tifp.amu.edu.pl\/?p=1643\">Czytaj dalej <span class=\"meta-nav\">&rarr;<\/span><\/a><\/p>\n","protected":false},"author":3,"featured_media":0,"comment_status":"closed","ping_status":"closed","sticky":false,"template":"","format":"standard","meta":{"footnotes":""},"categories":[17,4,54],"tags":[23,314],"class_list":["post-1643","post","type-post","status-publish","format-standard","hentry","category-konferencje","category-ogloszenia","category-wydarzenia","tag-slawomira-wronkowska","tag-uniwersytet-otwarty-uam"],"_links":{"self":[{"href":"https:\/\/tifp.amu.edu.pl\/index.php?rest_route=\/wp\/v2\/posts\/1643","targetHints":{"allow":["GET"]}}],"collection":[{"href":"https:\/\/tifp.amu.edu.pl\/index.php?rest_route=\/wp\/v2\/posts"}],"about":[{"href":"https:\/\/tifp.amu.edu.pl\/index.php?rest_route=\/wp\/v2\/types\/post"}],"author":[{"embeddable":true,"href":"https:\/\/tifp.amu.edu.pl\/index.php?rest_route=\/wp\/v2\/users\/3"}],"replies":[{"embeddable":true,"href":"https:\/\/tifp.amu.edu.pl\/index.php?rest_route=%2Fwp%2Fv2%2Fcomments&post=1643"}],"version-history":[{"count":0,"href":"https:\/\/tifp.amu.edu.pl\/index.php?rest_route=\/wp\/v2\/posts\/1643\/revisions"}],"wp:attachment":[{"href":"https:\/\/tifp.amu.edu.pl\/index.php?rest_route=%2Fwp%2Fv2%2Fmedia&parent=1643"}],"wp:term":[{"taxonomy":"category","embeddable":true,"href":"https:\/\/tifp.amu.edu.pl\/index.php?rest_route=%2Fwp%2Fv2%2Fcategories&post=1643"},{"taxonomy":"post_tag","embeddable":true,"href":"https:\/\/tifp.amu.edu.pl\/index.php?rest_route=%2Fwp%2Fv2%2Ftags&post=1643"}],"curies":[{"name":"wp","href":"https:\/\/api.w.org\/{rel}","templated":true}]}}