{"id":1631,"date":"2021-10-15T21:19:03","date_gmt":"2021-10-15T19:19:03","guid":{"rendered":"http:\/\/ktifp.amu.edu.pl\/?p=1631"},"modified":"2022-01-12T19:32:17","modified_gmt":"2022-01-12T18:32:17","slug":"nagroda-praeceptor-laureatus-dla-dr-michala-krotoszynskiego-2","status":"publish","type":"post","link":"https:\/\/tifp.amu.edu.pl\/?p=1631","title":{"rendered":"Nagroda \u201ePraeceptor Laureatus&#8221; dla dr. Micha\u0142a Krotoszy\u0144skiego"},"content":{"rendered":"<p style=\"text-align: justify;\"><img loading=\"lazy\" decoding=\"async\" class=\"alignleft wp-image-1421\" src=\"https:\/\/mkrot.web.amu.edu.pl\/wp-content\/uploads\/2017\/07\/logo_wersja-podstawowa_granat_1.jpg\" alt=\"Logo UAM\" width=\"208\" height=\"252\" \/><\/p>\n<p style=\"text-align: justify;\">Z przyjemno\u015bci\u0105 informujemy, \u017ce dr Micha\u0142 Krotoszy\u0144ski zosta\u0142 uhonorowany nagrod\u0105 <em>\u201e<\/em>Praeceptor Laureatus&#8221; dla najlepszego dydaktyka Wydzia\u0142u Prawa i Administracji Uniwersytetu im. Adama Mickiewicza w Poznaniu za rok akademicki 2020\/2021. Nagrod\u0119 przyznaje si\u0119 w drodze konkursu na najlepszego dydaktyka ka\u017cdego z wydzia\u0142\u00f3w UAM. O przyznaniu wyr\u00f3\u017cnienia decyduj\u0105 wy\u0142\u0105cznie studenci.<\/p>\n<p>Nagrodzonemu serdecznie gratulujemy!<\/p>\n","protected":false},"excerpt":{"rendered":"<p>Z przyjemno\u015bci\u0105 informujemy, \u017ce dr Micha\u0142 Krotoszy\u0144ski zosta\u0142 uhonorowany nagrod\u0105 \u201ePraeceptor Laureatus&#8221; dla najlepszego dydaktyka Wydzia\u0142u Prawa i Administracji Uniwersytetu im. Adama Mickiewicza w Poznaniu za rok akademicki 2020\/2021. Nagrod\u0119 przyznaje si\u0119 w drodze konkursu na najlepszego dydaktyka ka\u017cdego z &hellip; <a href=\"https:\/\/tifp.amu.edu.pl\/?p=1631\">Czytaj dalej <span class=\"meta-nav\">&rarr;<\/span><\/a><\/p>\n","protected":false},"author":3,"featured_media":0,"comment_status":"closed","ping_status":"closed","sticky":false,"template":"","format":"standard","meta":{"footnotes":""},"categories":[162],"tags":[19,245],"class_list":["post-1631","post","type-post","status-publish","format-standard","hentry","category-funkcje-i-nagrody","tag-michal-krotoszynski","tag-praeceptor-laureatus"],"_links":{"self":[{"href":"https:\/\/tifp.amu.edu.pl\/index.php?rest_route=\/wp\/v2\/posts\/1631","targetHints":{"allow":["GET"]}}],"collection":[{"href":"https:\/\/tifp.amu.edu.pl\/index.php?rest_route=\/wp\/v2\/posts"}],"about":[{"href":"https:\/\/tifp.amu.edu.pl\/index.php?rest_route=\/wp\/v2\/types\/post"}],"author":[{"embeddable":true,"href":"https:\/\/tifp.amu.edu.pl\/index.php?rest_route=\/wp\/v2\/users\/3"}],"replies":[{"embeddable":true,"href":"https:\/\/tifp.amu.edu.pl\/index.php?rest_route=%2Fwp%2Fv2%2Fcomments&post=1631"}],"version-history":[{"count":0,"href":"https:\/\/tifp.amu.edu.pl\/index.php?rest_route=\/wp\/v2\/posts\/1631\/revisions"}],"wp:attachment":[{"href":"https:\/\/tifp.amu.edu.pl\/index.php?rest_route=%2Fwp%2Fv2%2Fmedia&parent=1631"}],"wp:term":[{"taxonomy":"category","embeddable":true,"href":"https:\/\/tifp.amu.edu.pl\/index.php?rest_route=%2Fwp%2Fv2%2Fcategories&post=1631"},{"taxonomy":"post_tag","embeddable":true,"href":"https:\/\/tifp.amu.edu.pl\/index.php?rest_route=%2Fwp%2Fv2%2Ftags&post=1631"}],"curies":[{"name":"wp","href":"https:\/\/api.w.org\/{rel}","templated":true}]}}