{"id":1529,"date":"2021-02-02T14:40:44","date_gmt":"2021-02-02T13:40:44","guid":{"rendered":"https:\/\/mkrot.web.amu.edu.pl\/?p=1529"},"modified":"2022-01-12T19:24:27","modified_gmt":"2022-01-12T18:24:27","slug":"dr-roman-szandra-gosciem-na-seminarium-katedry","status":"publish","type":"post","link":"https:\/\/tifp.amu.edu.pl\/?p=1529","title":{"rendered":"Dr Roman Szandra go\u015bciem na seminarium Zak\u0142adu"},"content":{"rendered":"<p style=\"text-align: justify;\"><img loading=\"lazy\" decoding=\"async\" class=\"alignleft wp-image-881\" src=\"https:\/\/mkrot.web.amu.edu.pl\/wp-content\/uploads\/2021\/02\/\u0428\u0430\u043d\u0434\u0440\u0430.jpg\" alt=\"Zdj\u0119cie portretowe Doktora Romana Szandry\" width=\"170\" height=\"215\" \/>W czwartek 21 stycznia 2021 r. go\u015bciem Zak\u0142adu Teorii i Filozofii Prawa UAM by\u0142 dr Roman Szandra z Uniwersytetu Lwowskiego. W trakcie swojego wyst\u0105pienia dr Szandra przedstawi\u0142 referat zatytu\u0142owany\u00a0\u201e<em>Neuronaukowe podej\u015bcie w metodologii nauk prawnych<\/em>\u201d. W swoim wyst\u0105pieniu dr Szandra skupi\u0142 si\u0119 na wskazaniu oraz om\u00f3wieniu najlepszych sposob\u00f3w uzupe\u0142nienia tych luk w prawie, kt\u00f3re pojawi\u0142y si\u0119 w wyniku szybkiego rozwoju neuronauk i neurotechnologii.<\/p>\n","protected":false},"excerpt":{"rendered":"<p>W czwartek 21 stycznia 2021 r. go\u015bciem Zak\u0142adu Teorii i Filozofii Prawa UAM by\u0142 dr Roman Szandra z Uniwersytetu Lwowskiego. W trakcie swojego wyst\u0105pienia dr Szandra przedstawi\u0142 referat zatytu\u0142owany\u00a0\u201eNeuronaukowe podej\u015bcie w metodologii nauk prawnych\u201d. W swoim wyst\u0105pieniu dr Szandra skupi\u0142 &hellip; <a href=\"https:\/\/tifp.amu.edu.pl\/?p=1529\">Czytaj dalej <span class=\"meta-nav\">&rarr;<\/span><\/a><\/p>\n","protected":false},"author":3,"featured_media":0,"comment_status":"closed","ping_status":"closed","sticky":false,"template":"","format":"standard","meta":{"footnotes":""},"categories":[17],"tags":[299,298],"class_list":["post-1529","post","type-post","status-publish","format-standard","hentry","category-konferencje","tag-neuronauki","tag-roman-szandra"],"_links":{"self":[{"href":"https:\/\/tifp.amu.edu.pl\/index.php?rest_route=\/wp\/v2\/posts\/1529","targetHints":{"allow":["GET"]}}],"collection":[{"href":"https:\/\/tifp.amu.edu.pl\/index.php?rest_route=\/wp\/v2\/posts"}],"about":[{"href":"https:\/\/tifp.amu.edu.pl\/index.php?rest_route=\/wp\/v2\/types\/post"}],"author":[{"embeddable":true,"href":"https:\/\/tifp.amu.edu.pl\/index.php?rest_route=\/wp\/v2\/users\/3"}],"replies":[{"embeddable":true,"href":"https:\/\/tifp.amu.edu.pl\/index.php?rest_route=%2Fwp%2Fv2%2Fcomments&post=1529"}],"version-history":[{"count":0,"href":"https:\/\/tifp.amu.edu.pl\/index.php?rest_route=\/wp\/v2\/posts\/1529\/revisions"}],"wp:attachment":[{"href":"https:\/\/tifp.amu.edu.pl\/index.php?rest_route=%2Fwp%2Fv2%2Fmedia&parent=1529"}],"wp:term":[{"taxonomy":"category","embeddable":true,"href":"https:\/\/tifp.amu.edu.pl\/index.php?rest_route=%2Fwp%2Fv2%2Fcategories&post=1529"},{"taxonomy":"post_tag","embeddable":true,"href":"https:\/\/tifp.amu.edu.pl\/index.php?rest_route=%2Fwp%2Fv2%2Ftags&post=1529"}],"curies":[{"name":"wp","href":"https:\/\/api.w.org\/{rel}","templated":true}]}}