{"id":1498,"date":"2020-11-08T16:12:35","date_gmt":"2020-11-08T15:12:35","guid":{"rendered":"https:\/\/mkrot.web.amu.edu.pl\/?p=1498"},"modified":"2022-01-12T19:20:59","modified_gmt":"2022-01-12T18:20:59","slug":"konferencja-naukowa-o-pojmowaniu-prawa-i-prawoznawstwa-konferencja-poswiecona-pamieci-profesora-stanislawa-czepity","status":"publish","type":"post","link":"https:\/\/tifp.amu.edu.pl\/?p=1498","title":{"rendered":"Konferencja Naukowa \u201eO pojmowaniu prawa i prawoznawstwa. Konferencja po\u015bwi\u0119cona pami\u0119ci Profesora Stanis\u0142awa Czepity\u201d"},"content":{"rendered":"<p style=\"text-align: justify;\"><a href=\"https:\/\/mkrot.web.amu.edu.pl\/wp-content\/uploads\/2017\/07\/logo_wersja-podstawowa_granat_1.jpg\"><\/a><a href=\"https:\/\/mkrot.web.amu.edu.pl\/wp-content\/uploads\/2017\/07\/logo_wersja-podstawowa_granat_1.jpg\"><img loading=\"lazy\" decoding=\"async\" class=\"alignleft wp-image-45\" src=\"https:\/\/mkrot.web.amu.edu.pl\/wp-content\/uploads\/2017\/07\/logo_wersja-podstawowa_granat_1-248x300.jpg\" alt=\"Logo UAM\" width=\"162\" height=\"196\" srcset=\"https:\/\/tifp.amu.edu.pl\/wp-content\/uploads\/2017\/07\/logo_wersja-podstawowa_granat_1-248x300.jpg 248w, https:\/\/tifp.amu.edu.pl\/wp-content\/uploads\/2017\/07\/logo_wersja-podstawowa_granat_1.jpg 656w\" sizes=\"auto, (max-width: 162px) 100vw, 162px\" \/><\/a>W dniu 26 listopada 2020 roku r. odb\u0119dzie si\u0119 Og\u00f3lnopolska Konferencja Naukowa zatytu\u0142owana \u201e<em>O pojmowaniu prawa i prawoznawstwa. Konferencja po\u015bwi\u0119cona pami\u0119ci Profesora Stanis\u0142awa Czepity<\/em>\u201d zorganizowana przez Wydzia\u0142 Prawa i Administracji Uniwersytetu Szczeci\u0144skiego oraz Instytut Nauk Prawnych Uniwersytetu Szczeci\u0144skiego.<\/p>\n<p style=\"text-align: justify;\">Na zaproszenie organizator\u00f3w s\u0142owo wst\u0119pne wyg\u0142osi prof. dr hab. S\u0142awomira Wronkowska. Ponadto na konferencji wyst\u0105pi r\u00f3wnie\u017c prof. UAM dr hab. Marzena Kordela oraz pracuj\u0105cy jeszcze do niedawna w naszym Zak\u0142adzie prof. dr hab. Wojciech Patryas. Prof. Kordela wyg\u0142osi referat pt. \u201e<em>Normy prawne jako kategoria norm aksjologicznych\u201d<\/em>, z kolei prof. Patryas przedstawi wyst\u0105pienie pt. \u201e<em>Prawodawca jako tw\u00f3rca rzeczywisto\u015bci<\/em>\u201d.<\/p>\n<p style=\"text-align: justify;\">Obok pracownik\u00f3w Zak\u0142adu, w Konferencji wezm\u0105 udzia\u0142 tak\u017ce prof. UAM dr hab. Barbara Janusz-Pohl z Zak\u0142adu Post\u0119powania Karnego, kt\u00f3ra wyg\u0142osi referat pt. \u201e<em>Wp\u0142yw konotacyjnej koncepcji regu\u0142 konstytutywnych na modelowanie formu\u0142 wadliwo\u015bci czynno\u015bci karnoprocesowych<\/em>\u201d oraz pracuj\u0105cy w Katedrze Prawa Cywilnego, Handlowego i Ubezpieczeniowego prof. UAM dr hab. Krzysztof Mularski, kt\u00f3ry wyst\u0105pi z tematem \u201e<em>Kodeksowa regulacja formy dokumentowej a problem \u017cyczliwej interpretacji<\/em>\u201d.<\/p>\n<p>Wi\u0119cej informacji na temat Konferencji znajd\u0105 Pa\u0144stwo <a href=\"https:\/\/wpia.usz.edu.pl\/o-pojmowaniu-prawa-i-prawoznawstwa-ogolnopolska-konferencja-naukowa-poswiecona-pamieci-profesora-stanislawa-czepity\/\"><span style=\"color: #000080;\">TUTAJ<\/span><\/a>.<\/p>\n","protected":false},"excerpt":{"rendered":"<p>W dniu 26 listopada 2020 roku r. odb\u0119dzie si\u0119 Og\u00f3lnopolska Konferencja Naukowa zatytu\u0142owana \u201eO pojmowaniu prawa i prawoznawstwa. Konferencja po\u015bwi\u0119cona pami\u0119ci Profesora Stanis\u0142awa Czepity\u201d zorganizowana przez Wydzia\u0142 Prawa i Administracji Uniwersytetu Szczeci\u0144skiego oraz Instytut Nauk Prawnych Uniwersytetu Szczeci\u0144skiego. Na zaproszenie &hellip; <a href=\"https:\/\/tifp.amu.edu.pl\/?p=1498\">Czytaj dalej <span class=\"meta-nav\">&rarr;<\/span><\/a><\/p>\n","protected":false},"author":3,"featured_media":0,"comment_status":"closed","ping_status":"closed","sticky":false,"template":"","format":"standard","meta":{"footnotes":""},"categories":[17],"tags":[20,201,23,248],"class_list":["post-1498","post","type-post","status-publish","format-standard","hentry","category-konferencje","tag-marzena-kordela","tag-stanislaw-czepita","tag-slawomira-wronkowska","tag-wojciech-patryas"],"_links":{"self":[{"href":"https:\/\/tifp.amu.edu.pl\/index.php?rest_route=\/wp\/v2\/posts\/1498","targetHints":{"allow":["GET"]}}],"collection":[{"href":"https:\/\/tifp.amu.edu.pl\/index.php?rest_route=\/wp\/v2\/posts"}],"about":[{"href":"https:\/\/tifp.amu.edu.pl\/index.php?rest_route=\/wp\/v2\/types\/post"}],"author":[{"embeddable":true,"href":"https:\/\/tifp.amu.edu.pl\/index.php?rest_route=\/wp\/v2\/users\/3"}],"replies":[{"embeddable":true,"href":"https:\/\/tifp.amu.edu.pl\/index.php?rest_route=%2Fwp%2Fv2%2Fcomments&post=1498"}],"version-history":[{"count":0,"href":"https:\/\/tifp.amu.edu.pl\/index.php?rest_route=\/wp\/v2\/posts\/1498\/revisions"}],"wp:attachment":[{"href":"https:\/\/tifp.amu.edu.pl\/index.php?rest_route=%2Fwp%2Fv2%2Fmedia&parent=1498"}],"wp:term":[{"taxonomy":"category","embeddable":true,"href":"https:\/\/tifp.amu.edu.pl\/index.php?rest_route=%2Fwp%2Fv2%2Fcategories&post=1498"},{"taxonomy":"post_tag","embeddable":true,"href":"https:\/\/tifp.amu.edu.pl\/index.php?rest_route=%2Fwp%2Fv2%2Ftags&post=1498"}],"curies":[{"name":"wp","href":"https:\/\/api.w.org\/{rel}","templated":true}]}}