{"id":1442,"date":"2020-10-22T21:47:13","date_gmt":"2020-10-22T19:47:13","guid":{"rendered":"https:\/\/mkrot.web.amu.edu.pl\/?p=1442"},"modified":"2022-01-12T19:17:46","modified_gmt":"2022-01-12T18:17:46","slug":"artykul-mgr-weroniki-dziegielewskiej-w-nowym-numerze-ruchu-prawniczego-ekonomicznego-i-socjologicznego","status":"publish","type":"post","link":"https:\/\/tifp.amu.edu.pl\/?p=1442","title":{"rendered":"Artyku\u0142 mgr Weroniki Dzi\u0119gielewskiej w nowym numerze Ruchu Prawniczego, Ekonomicznego i Socjologicznego"},"content":{"rendered":"<p style=\"text-align: justify;\"><a href=\"https:\/\/mkrot.web.amu.edu.pl\/wp-content\/uploads\/2020\/10\/cover_issue_1576_pl_PL.jpg\"><\/a><a href=\"https:\/\/mkrot.web.amu.edu.pl\/wp-content\/uploads\/2020\/10\/cover_issue_1576_pl_PL.jpg\"><img loading=\"lazy\" decoding=\"async\" class=\"alignleft wp-image-1443\" src=\"https:\/\/mkrot.web.amu.edu.pl\/wp-content\/uploads\/2020\/10\/cover_issue_1576_pl_PL-212x300.jpg\" alt=\"Ok\u0142adka czasopisma: na \u017c\u00f3\u0142tym tle znajduj\u0105 si\u0119 podstawowe informacj\u0119 na temat czasopisma i numeru.\" width=\"172\" height=\"244\" srcset=\"https:\/\/tifp.amu.edu.pl\/wp-content\/uploads\/2020\/10\/cover_issue_1576_pl_PL-212x300.jpg 212w, https:\/\/tifp.amu.edu.pl\/wp-content\/uploads\/2020\/10\/cover_issue_1576_pl_PL.jpg 317w\" sizes=\"auto, (max-width: 172px) 100vw, 172px\" \/><\/a>Ukaza\u0142 si\u0119 drugi w 2020 r. numer \u201eRuchu Prawniczego, Ekonomicznego i Socjologicznego\u201d. W\u015br\u00f3d artyku\u0142\u00f3w znalaz\u0142 si\u0119 tekst mgr Weroniki Dzi\u0119gielewskiej <em>\u201eNormatywno\u015b\u0107 obowi\u0105zywania norm prawnych w koncepcji pozna\u0144sko-szczeci\u0144skiej szko\u0142y teorii prawa. Perspektywa pragmatyzmu analitycznego<\/em>\u201d. Artyku\u0142 stanowi pr\u00f3b\u0119 reinterpretacji standardowych uj\u0119\u0107 normatywnych koncepcji obowi\u0105zywania prawa, z uwzgl\u0119dnieniem intuicji dotycz\u0105cych poj\u0119cia normatywno\u015bci wypracowanych na gruncie wsp\u00f3\u0142czesnej metaetyki i filozofii j\u0119zyka. Wi\u0119cej informacji <a href=\"https:\/\/pressto.amu.edu.pl\/index.php\/rpeis\/article\/view\/24728\"><span style=\"color: #000080;\">na stronie czasopisma<\/span><\/a>.<\/p>\n","protected":false},"excerpt":{"rendered":"<p>Ukaza\u0142 si\u0119 drugi w 2020 r. numer \u201eRuchu Prawniczego, Ekonomicznego i Socjologicznego\u201d. W\u015br\u00f3d artyku\u0142\u00f3w znalaz\u0142 si\u0119 tekst mgr Weroniki Dzi\u0119gielewskiej \u201eNormatywno\u015b\u0107 obowi\u0105zywania norm prawnych w koncepcji pozna\u0144sko-szczeci\u0144skiej szko\u0142y teorii prawa. Perspektywa pragmatyzmu analitycznego\u201d. Artyku\u0142 stanowi pr\u00f3b\u0119 reinterpretacji standardowych uj\u0119\u0107 normatywnych &hellip; <a href=\"https:\/\/tifp.amu.edu.pl\/?p=1442\">Czytaj dalej <span class=\"meta-nav\">&rarr;<\/span><\/a><\/p>\n","protected":false},"author":3,"featured_media":0,"comment_status":"closed","ping_status":"closed","sticky":false,"template":"","format":"standard","meta":{"footnotes":""},"categories":[6],"tags":[294,139,165],"class_list":["post-1442","post","type-post","status-publish","format-standard","hentry","category-publikacje","tag-normatywnosc","tag-pragmatyzm-analityczny","tag-weronika-dziegielewska"],"_links":{"self":[{"href":"https:\/\/tifp.amu.edu.pl\/index.php?rest_route=\/wp\/v2\/posts\/1442","targetHints":{"allow":["GET"]}}],"collection":[{"href":"https:\/\/tifp.amu.edu.pl\/index.php?rest_route=\/wp\/v2\/posts"}],"about":[{"href":"https:\/\/tifp.amu.edu.pl\/index.php?rest_route=\/wp\/v2\/types\/post"}],"author":[{"embeddable":true,"href":"https:\/\/tifp.amu.edu.pl\/index.php?rest_route=\/wp\/v2\/users\/3"}],"replies":[{"embeddable":true,"href":"https:\/\/tifp.amu.edu.pl\/index.php?rest_route=%2Fwp%2Fv2%2Fcomments&post=1442"}],"version-history":[{"count":0,"href":"https:\/\/tifp.amu.edu.pl\/index.php?rest_route=\/wp\/v2\/posts\/1442\/revisions"}],"wp:attachment":[{"href":"https:\/\/tifp.amu.edu.pl\/index.php?rest_route=%2Fwp%2Fv2%2Fmedia&parent=1442"}],"wp:term":[{"taxonomy":"category","embeddable":true,"href":"https:\/\/tifp.amu.edu.pl\/index.php?rest_route=%2Fwp%2Fv2%2Fcategories&post=1442"},{"taxonomy":"post_tag","embeddable":true,"href":"https:\/\/tifp.amu.edu.pl\/index.php?rest_route=%2Fwp%2Fv2%2Ftags&post=1442"}],"curies":[{"name":"wp","href":"https:\/\/api.w.org\/{rel}","templated":true}]}}