{"id":1420,"date":"2020-08-26T11:04:09","date_gmt":"2020-08-26T09:04:09","guid":{"rendered":"https:\/\/mkrot.web.amu.edu.pl\/?p=1420"},"modified":"2022-01-12T19:17:09","modified_gmt":"2022-01-12T18:17:09","slug":"teksty-dr-michala-krotoszynskiego-i-mgr-mateusza-grabarczyka-w-archiwum-filozofii-prawa-i-filozofii-spolecznej","status":"publish","type":"post","link":"https:\/\/tifp.amu.edu.pl\/?p=1420","title":{"rendered":"Teksty dr. Micha\u0142a Krotoszy\u0144skiego i mgr. Mateusza Grabarczyka w &#8222;Archiwum Filozofii Prawa i Filozofii Spo\u0142ecznej&#8221;"},"content":{"rendered":"<p style=\"text-align: justify;\"><img loading=\"lazy\" decoding=\"async\" class=\"alignleft wp-image-1421\" src=\"https:\/\/mkrot.web.amu.edu.pl\/wp-content\/uploads\/2020\/08\/okladka.png\" alt=\"Ok\u0142adka numeru 13(21) z grudnia 2019 &quot;Archiwum Filozofii Prawa i Filozofii Spo\u0142ecznej&quot; pod tytu\u0142em &quot;Law and Memory in Central and Eastern Europe&quot;.\" width=\"183\" height=\"262\" srcset=\"https:\/\/tifp.amu.edu.pl\/wp-content\/uploads\/2020\/08\/okladka.png 363w, https:\/\/tifp.amu.edu.pl\/wp-content\/uploads\/2020\/08\/okladka-210x300.png 210w\" sizes=\"auto, (max-width: 183px) 100vw, 183px\" \/>Z pewnym op\u00f3\u017anieniem informujemy, \u017ce na stronie <em>\u201e<\/em>Archiwum Filozofii Prawa i Filozofii Spo\u0142ecznej\u201d dost\u0119pny jest angloj\u0119zyczny numer 3\/2019 tego czasopisma zatytu\u0142owany <em>\u201eLaw and Memory in Central and Eastern Europe<\/em>\u201d, w kt\u00f3rym znalaz\u0142y si\u0119 artyku\u0142y dr. Micha\u0142a Krotoszy\u0144skiego i mgr. Mateusza Grabarczyka.<\/p>\n<p style=\"text-align: justify;\">W tek\u015bcie <em>\u201eTransitional Justice and the Constitutional Crisis: The Case of Poland (2015\u20132019)<\/em>\u201d dr Micha\u0142 Krotoszy\u0144ski argumentuje, \u017ce polski kryzys konstytucyjny ma tak\u017ce wymiar retrospektywny, powi\u0105zany z problematyk\u0105 rozlicze\u0144 z przesz\u0142o\u015bci\u0105. Jak wskazano w abstrakcie, zawarta w artykule analiza prowadzi do wniosku, \u017ce <em>\u201edramatyczne zmiany ustrojowe, kt\u00f3re wsp\u00f3\u0142cze\u015bnie dotkn\u0119\u0142y Polsk\u0119, mog\u0105 by\u0107 wyja\u015bnione zar\u00f3wno w kategorii walki o w\u0142adz\u0119, jak i jako rezultat konfliktu pomi\u0119dzy zasad\u0105 rz\u0105d\u00f3w prawa i zasad\u0105 indywidualnej odpowiedzialno\u015bci &#8211; a odwo\u0142aniem si\u0119 do odpowiedzialno\u015bci zbiorowej w celu zaspokojenia tego, co rz\u0105dz\u0105cy uznaj\u0105 za sprawiedliwo\u015b\u0107<\/em>\u201d.<\/p>\n<p style=\"text-align: justify;\">Tekst mgr. Mateusza Grabarczyka <em>\u201eUniformed Services Pension Amendment Acts in Poland as Part of State Politics of Memory\u201d<\/em> stanowi analiz\u0119 regulacji dotycz\u0105cych obni\u017cenia uposa\u017cenia emerytalnego by\u0142ym funkcjonariuszom organ\u00f3w bezpiecze\u0144stwa PRL jako element\u00f3w polityki pami\u0119ci pa\u0144stwa. Autor dochodzi do wniosku, \u017ce <em>\u201eo ile ustawa z 2009 roku by\u0142a w jakim\u015b stopniu nakierowana na cel retrospektywny, o tyle ta z 2016 jest przede wszystkim elementem polityki pami\u0119ci, maj\u0105cym na celu ukszta\u0142towanie przez w\u0142adz\u0119 okre\u015blonej narracji o przesz\u0142ych wydarzeniach poprzez jednoznacznie pot\u0119pienie poprzedniego ustroju oraz wszystkich os\u00f3b w jakikolwiek spos\u00f3b z nim zwi\u0105zanych<\/em>\u201d.<\/p>\n<p style=\"text-align: justify;\">Numer dost\u0119pny jest pod <a href=\"http:\/\/archiwum.ivr.org.pl\/issues\/number-321-2019-eng\/\">TUTAJ<\/a>.<\/p>\n","protected":false},"excerpt":{"rendered":"<p>Z pewnym op\u00f3\u017anieniem informujemy, \u017ce na stronie \u201eArchiwum Filozofii Prawa i Filozofii Spo\u0142ecznej\u201d dost\u0119pny jest angloj\u0119zyczny numer 3\/2019 tego czasopisma zatytu\u0142owany \u201eLaw and Memory in Central and Eastern Europe\u201d, w kt\u00f3rym znalaz\u0142y si\u0119 artyku\u0142y dr. Micha\u0142a Krotoszy\u0144skiego i mgr. Mateusza &hellip; <a href=\"https:\/\/tifp.amu.edu.pl\/?p=1420\">Czytaj dalej <span class=\"meta-nav\">&rarr;<\/span><\/a><\/p>\n","protected":false},"author":1,"featured_media":0,"comment_status":"closed","ping_status":"closed","sticky":false,"template":"","format":"standard","meta":{"footnotes":""},"categories":[6],"tags":[293,19,270,87],"class_list":["post-1420","post","type-post","status-publish","format-standard","hentry","category-publikacje","tag-mateusz-grabarczyk","tag-michal-krotoszynski","tag-polityka-pamieci","tag-sprawiedliwosc-tranzycyjna"],"_links":{"self":[{"href":"https:\/\/tifp.amu.edu.pl\/index.php?rest_route=\/wp\/v2\/posts\/1420","targetHints":{"allow":["GET"]}}],"collection":[{"href":"https:\/\/tifp.amu.edu.pl\/index.php?rest_route=\/wp\/v2\/posts"}],"about":[{"href":"https:\/\/tifp.amu.edu.pl\/index.php?rest_route=\/wp\/v2\/types\/post"}],"author":[{"embeddable":true,"href":"https:\/\/tifp.amu.edu.pl\/index.php?rest_route=\/wp\/v2\/users\/1"}],"replies":[{"embeddable":true,"href":"https:\/\/tifp.amu.edu.pl\/index.php?rest_route=%2Fwp%2Fv2%2Fcomments&post=1420"}],"version-history":[{"count":0,"href":"https:\/\/tifp.amu.edu.pl\/index.php?rest_route=\/wp\/v2\/posts\/1420\/revisions"}],"wp:attachment":[{"href":"https:\/\/tifp.amu.edu.pl\/index.php?rest_route=%2Fwp%2Fv2%2Fmedia&parent=1420"}],"wp:term":[{"taxonomy":"category","embeddable":true,"href":"https:\/\/tifp.amu.edu.pl\/index.php?rest_route=%2Fwp%2Fv2%2Fcategories&post=1420"},{"taxonomy":"post_tag","embeddable":true,"href":"https:\/\/tifp.amu.edu.pl\/index.php?rest_route=%2Fwp%2Fv2%2Ftags&post=1420"}],"curies":[{"name":"wp","href":"https:\/\/api.w.org\/{rel}","templated":true}]}}