{"id":1039,"date":"2019-10-05T15:28:02","date_gmt":"2019-10-05T13:28:02","guid":{"rendered":"http:\/\/ktifp.amu.edu.pl\/?p=1039"},"modified":"2019-10-07T11:11:42","modified_gmt":"2019-10-07T09:11:42","slug":"nagroda-praeceptor-laureatus-dla-dr-michala-krotoszynskiego","status":"publish","type":"post","link":"https:\/\/tifp.amu.edu.pl\/?p=1039","title":{"rendered":"Nagroda &#8222;Praeceptor Laureatus&#8221; dla dr. Micha\u0142a Krotoszy\u0144skiego"},"content":{"rendered":"<p style=\"text-align: justify;\"><img loading=\"lazy\" decoding=\"async\" class=\" wp-image-1043 alignleft\" src=\"http:\/\/ktifp.amu.edu.pl\/wp-content\/uploads\/2019\/10\/M.-Krotoszy\u0144ski-fot.-Marcin-Melanowicz-644x967.jpg\" alt=\"\" width=\"184\" height=\"277\" srcset=\"https:\/\/tifp.amu.edu.pl\/wp-content\/uploads\/2019\/10\/M.-Krotoszy\u0144ski-fot.-Marcin-Melanowicz-644x967.jpg 644w, https:\/\/tifp.amu.edu.pl\/wp-content\/uploads\/2019\/10\/M.-Krotoszy\u0144ski-fot.-Marcin-Melanowicz-200x300.jpg 200w, https:\/\/tifp.amu.edu.pl\/wp-content\/uploads\/2019\/10\/M.-Krotoszy\u0144ski-fot.-Marcin-Melanowicz-768x1153.jpg 768w\" sizes=\"auto, (max-width: 184px) 100vw, 184px\" \/>Z przyjemno\u015bci\u0105 informujemy, \u017ce dr Micha\u0142 Krotoszy\u0144ski zosta\u0142 w roku akademickim 2018\/2019 uhonorowany nagrod\u0105\u00a0&#8222;Praeceptor Laureatus&#8221; Rektora Uniwersytetu im. Adama Mickiewicza w Poznaniu.<\/p>\n<p style=\"text-align: justify;\">Nagrod\u0119 przyznaje si\u0119 w drodze konkursu na najlepszego dydaktyka ka\u017cdego z wydzia\u0142\u00f3w UAM. Laureaci s\u0105 wy\u0142aniani przez student\u00f3w w g\u0142osowaniu internetowym w serwisie USOSweb. G\u0142osowa\u0107 mo\u017cna na pracownik\u00f3w, kt\u00f3rzy zostali nominowani do Nagrody na podstawie najwy\u017cszych ocen uzyskanych w ankietach studenckich w minionym roku akademickim.<\/p>\n<p style=\"text-align: justify;\">Obok dr. Micha\u0142a Krotoszy\u0144skiego nagrod\u0119 na WPiA otrzyma\u0142 prof. UAM dr hab. Tadeusz Gadkowski z Zak\u0142adu Prawa Mi\u0119dzynarodowego i Organizacji Mi\u0119dzynarodowych.<\/p>\n<p>Serdecznie gratulujemy!<\/p>\n","protected":false},"excerpt":{"rendered":"<p>Z przyjemno\u015bci\u0105 informujemy, \u017ce dr Micha\u0142 Krotoszy\u0144ski zosta\u0142 w roku akademickim 2018\/2019 uhonorowany nagrod\u0105\u00a0&#8222;Praeceptor Laureatus&#8221; Rektora Uniwersytetu im. Adama Mickiewicza w Poznaniu. Nagrod\u0119 przyznaje si\u0119 w drodze konkursu na najlepszego dydaktyka ka\u017cdego z wydzia\u0142\u00f3w UAM. Laureaci s\u0105 wy\u0142aniani przez student\u00f3w &hellip; <a href=\"https:\/\/tifp.amu.edu.pl\/?p=1039\">Czytaj dalej <span class=\"meta-nav\">&rarr;<\/span><\/a><\/p>\n","protected":false},"author":2,"featured_media":0,"comment_status":"open","ping_status":"closed","sticky":false,"template":"","format":"standard","meta":{"footnotes":""},"categories":[162,4],"tags":[19,245,244],"class_list":["post-1039","post","type-post","status-publish","format-standard","hentry","category-funkcje-i-nagrody","category-ogloszenia","tag-michal-krotoszynski","tag-praeceptor-laureatus","tag-tadeusz-gadkowski"],"_links":{"self":[{"href":"https:\/\/tifp.amu.edu.pl\/index.php?rest_route=\/wp\/v2\/posts\/1039","targetHints":{"allow":["GET"]}}],"collection":[{"href":"https:\/\/tifp.amu.edu.pl\/index.php?rest_route=\/wp\/v2\/posts"}],"about":[{"href":"https:\/\/tifp.amu.edu.pl\/index.php?rest_route=\/wp\/v2\/types\/post"}],"author":[{"embeddable":true,"href":"https:\/\/tifp.amu.edu.pl\/index.php?rest_route=\/wp\/v2\/users\/2"}],"replies":[{"embeddable":true,"href":"https:\/\/tifp.amu.edu.pl\/index.php?rest_route=%2Fwp%2Fv2%2Fcomments&post=1039"}],"version-history":[{"count":0,"href":"https:\/\/tifp.amu.edu.pl\/index.php?rest_route=\/wp\/v2\/posts\/1039\/revisions"}],"wp:attachment":[{"href":"https:\/\/tifp.amu.edu.pl\/index.php?rest_route=%2Fwp%2Fv2%2Fmedia&parent=1039"}],"wp:term":[{"taxonomy":"category","embeddable":true,"href":"https:\/\/tifp.amu.edu.pl\/index.php?rest_route=%2Fwp%2Fv2%2Fcategories&post=1039"},{"taxonomy":"post_tag","embeddable":true,"href":"https:\/\/tifp.amu.edu.pl\/index.php?rest_route=%2Fwp%2Fv2%2Ftags&post=1039"}],"curies":[{"name":"wp","href":"https:\/\/api.w.org\/{rel}","templated":true}]}}